{"id":783,"date":"2019-11-21T12:08:55","date_gmt":"2019-11-21T12:08:55","guid":{"rendered":"https:\/\/granadaopen.es\/?p=783"},"modified":"2019-11-21T12:08:55","modified_gmt":"2019-11-21T12:08:55","slug":"el-reino-de-aragon-puente-de-la-inmaculada-desde-granada","status":"publish","type":"post","link":"https:\/\/granadaopen.es\/?p=783","title":{"rendered":"EL REINO DE ARAG\u00d3N PUENTE DE LA INMACULADA DESDE GRANADA"},"content":{"rendered":"\n<ul class=\"wp-block-gallery columns-1 is-cropped wp-block-gallery-1 is-layout-flex wp-block-gallery-is-layout-flex\"><li class=\"blocks-gallery-item\"><figure><img fetchpriority=\"high\" decoding=\"async\" width=\"1024\" height=\"612\" src=\"https:\/\/granadaopen.es\/wp-content\/uploads\/2019\/11\/ZARAGOZA-1024x612.jpg\" alt=\"\" data-id=\"785\" data-link=\"https:\/\/granadaopen.es\/?attachment_id=785\" class=\"wp-image-785\" srcset=\"https:\/\/granadaopen.es\/wp-content\/uploads\/2019\/11\/ZARAGOZA-1024x612.jpg 1024w, https:\/\/granadaopen.es\/wp-content\/uploads\/2019\/11\/ZARAGOZA-300x179.jpg 300w, https:\/\/granadaopen.es\/wp-content\/uploads\/2019\/11\/ZARAGOZA-768x459.jpg 768w, https:\/\/granadaopen.es\/wp-content\/uploads\/2019\/11\/ZARAGOZA-600x358.jpg 600w, https:\/\/granadaopen.es\/wp-content\/uploads\/2019\/11\/ZARAGOZA.jpg 1800w\" sizes=\"(max-width: 1024px) 100vw, 1024px\" \/><\/figure><\/li><\/ul>\n\n\n\n<p style=\"text-align:center\">SALIDAS DESDE GRANADA D\u00cdA 6 DE DICIEMBRE &#8211; VUELTA 9 DE DICIEMBRE<\/p>\n\n\n\n<p style=\"text-align:center\"><strong>D\u00eda 1\u00a0&#8211; Origen &#8211; Zaragoza<\/strong><\/p>\n\n\n\n<figure class=\"wp-block-image\"><img decoding=\"async\" width=\"1024\" height=\"683\" src=\"https:\/\/granadaopen.es\/wp-content\/uploads\/2019\/11\/BASILICA-1024x683.jpg\" alt=\"\" class=\"wp-image-786\" srcset=\"https:\/\/granadaopen.es\/wp-content\/uploads\/2019\/11\/BASILICA-1024x683.jpg 1024w, https:\/\/granadaopen.es\/wp-content\/uploads\/2019\/11\/BASILICA-300x200.jpg 300w, https:\/\/granadaopen.es\/wp-content\/uploads\/2019\/11\/BASILICA-768x512.jpg 768w, https:\/\/granadaopen.es\/wp-content\/uploads\/2019\/11\/BASILICA-600x400.jpg 600w, https:\/\/granadaopen.es\/wp-content\/uploads\/2019\/11\/BASILICA.jpg 1200w\" sizes=\"(max-width: 1024px) 100vw, 1024px\" \/><\/figure>\n\n\n\n<p style=\"text-align:center\">Salida desde la terminal con destino a Zaragoza. Breves paradas en ruta, una de ellas para realizar el almuerzo no incluido. Continuaci\u00f3n del viaje v\u00eda Madrid. Llegada, acomodaci\u00f3n y cena con bebidas incluidas en el hotel. Tiempo libre para disfrutar de Zaragoza de noche. Alojamiento.<\/p>\n\n\n\n<p style=\"text-align:center\"><strong>D\u00eda 2\u00a0&#8211; Zaragoza &#8211; Monasterio de Veruela &#8211; Tarazona<\/strong><\/p>\n\n\n\n<figure class=\"wp-block-image\"><img decoding=\"async\" width=\"1024\" height=\"485\" src=\"https:\/\/granadaopen.es\/wp-content\/uploads\/2019\/11\/monasterioo-1024x485.jpg\" alt=\"\" class=\"wp-image-787\" srcset=\"https:\/\/granadaopen.es\/wp-content\/uploads\/2019\/11\/monasterioo.jpg 1024w, https:\/\/granadaopen.es\/wp-content\/uploads\/2019\/11\/monasterioo-300x142.jpg 300w, https:\/\/granadaopen.es\/wp-content\/uploads\/2019\/11\/monasterioo-768x364.jpg 768w, https:\/\/granadaopen.es\/wp-content\/uploads\/2019\/11\/monasterioo-600x284.jpg 600w\" sizes=\"(max-width: 1024px) 100vw, 1024px\" \/><\/figure>\n\n\n\n<p style=\"text-align:center\">Desayuno buffet. Ma\u00f1ana libre para disfrutar de la que fuera capital del Reino de Arag\u00f3n durante la Edad Media, Zaragoza. Posee un rico patrimonio monumental donde destaca la Plaza del Pilar. Aqu\u00ed, a orillas del r\u00edo Ebro, se alza uno de los mayores centros marianos de Espa\u00f1a: La Bas\u00edlica de Nuestra Se\u00f1ora del Pilar. De manera opcional, les ofrecemos la posibilidad de realizar una visita con gu\u00eda local de la ciudad. A primera hora de la tarde realizaremos una bella excursi\u00f3n a las faldas del Moncayo para visitar el primer Monasterio Cisterciense de Arag\u00f3n, el Monasterio de Veruela, fundado en el sg. XII y declarado Monumento Nacional. Muy cerca, visitaremos Tarazona, ciudad m\u00e1s de dos veces milenaria que conserva una inequ\u00edvoca impronta mud\u00e9jar en las calles y plazuelas de su barrio hist\u00f3rico medieval. Regreso a Zaragoza. Cena con bebidas incluidas y alojamiento en el hotel.<\/p>\n\n\n\n<p style=\"text-align:center\"><strong>D\u00eda 3\u00a0&#8211; Huesca &#8211; Jaca &#8211; Santa Cruz de la Ser\u00f3s<\/strong><\/p>\n\n\n\n<figure class=\"wp-block-image\"><img loading=\"lazy\" decoding=\"async\" width=\"550\" height=\"291\" src=\"https:\/\/granadaopen.es\/wp-content\/uploads\/2019\/11\/jaca.jpg\" alt=\"\" class=\"wp-image-788\" srcset=\"https:\/\/granadaopen.es\/wp-content\/uploads\/2019\/11\/jaca.jpg 550w, https:\/\/granadaopen.es\/wp-content\/uploads\/2019\/11\/jaca-300x159.jpg 300w\" sizes=\"(max-width: 550px) 100vw, 550px\" \/><\/figure>\n\n\n\n<p style=\"text-align:center\">Desayuno buffet. Salida hacia Huesca, protagonista de una historia de m\u00e1s de dos mil a\u00f1os de antig\u00fcedad. El Coso, l\u00edmite de las antiguas murallas medievales, delimita un interesante entramado urbano que se encuentra presidido por la Catedral. Destacar la Casa Consistorial (s. XVI), Palacio Real de los Reyes de Arag\u00f3n y el monasterio rom\u00e1nico de San Pedro el Viejo (s. XII). De manera opcional, les ofrecemos la posibilidad de realizar una visita con gu\u00eda local de la ciudad. A la hora indicada saldremos hacia Jaca, situada en coraz\u00f3n de los Pirineos centrales. En ella sobresalen la Ciudadela del siglo XVI y la Catedral, la primera rom\u00e1nica construida en Espa\u00f1a. Continuaci\u00f3n hacia Santa Cruz de la Ser\u00f3s, pueblo t\u00edpicamente aragon\u00e9s cuyo c\u00e9lebre convento de religiosas, fundado a finales del s. X, fue ricamente pertrechado por princesas de sangre real. Abandonado por las monjas en el s. XVI, hoy de \u00e9l s\u00f3lo queda la iglesia rom\u00e1nica, rodeada de pintorescas casas. Regreso al hotel. Cena con bebidas incluidas y alojamiento.<\/p>\n\n\n\n<p style=\"text-align:center\"><strong>D\u00eda 4\u00a0&#8211; Zaragoza &#8211; Origen\u00a0<\/strong><\/p>\n\n\n\n<figure class=\"wp-block-image\"><img loading=\"lazy\" decoding=\"async\" width=\"900\" height=\"675\" src=\"https:\/\/granadaopen.es\/wp-content\/uploads\/2019\/11\/zaragoza-noche.jpg\" alt=\"\" class=\"wp-image-789\" srcset=\"https:\/\/granadaopen.es\/wp-content\/uploads\/2019\/11\/zaragoza-noche.jpg 900w, https:\/\/granadaopen.es\/wp-content\/uploads\/2019\/11\/zaragoza-noche-300x225.jpg 300w, https:\/\/granadaopen.es\/wp-content\/uploads\/2019\/11\/zaragoza-noche-768x576.jpg 768w, https:\/\/granadaopen.es\/wp-content\/uploads\/2019\/11\/zaragoza-noche-600x450.jpg 600w\" sizes=\"(max-width: 900px) 100vw, 900px\" \/><\/figure>\n\n\n\n<p style=\"text-align:center\">Desayuno buffet. Salida temprana hacia los diferentes lugares de origen. Breves paradas en ruta. Continuaci\u00f3n del viaje. Llegada y FIN DEL VIAJE Y DE NUESTROS SERVICIOS.<\/p>\n\n\n\n<p><\/p>\n\n\n\n<p style=\"text-align:center\"><strong>SE INCLUYE:<\/strong><\/p>\n\n\n\n<p style=\"text-align:center\">Media Pensi\u00f3n<\/p>\n\n\n\n<p style=\"text-align:center\">3 comidas incluidas<\/p>\n\n\n\n<p style=\"text-align:center\">Hotel 4 estrellas,  ZENIT DON YO ****. Zaragoza (centro ciudad) <\/p>\n\n\n\n<p style=\"text-align:center\">Desayunos buffet<\/p>\n\n\n\n<p style=\"text-align:center\">Gu\u00eda acompa\u00f1ante<\/p>\n\n\n\n<p style=\"text-align:center\">Bebidas incluidas en las comidas (agua y vino).<\/p>\n\n\n\n<p style=\"text-align:center\">Autob\u00fas todo el recorrido<\/p>\n\n\n\n<p style=\"text-align:center\">Seguro de viaje<\/p>\n\n\n\n<p style=\"text-align:center\">Precio desde 259\u20ac <\/p>\n\n\n\n<p style=\"text-align:center\"><strong>INFORMACI\u00d3N Y RESERVAS EN EL 617696362<\/strong><\/p>\n\n\n\n<p><\/p>\n","protected":false},"excerpt":{"rendered":"<p>SALIDAS DESDE GRANADA D\u00cdA 6 DE DICIEMBRE &#8211; VUELTA 9 DE DICIEMBRE D\u00eda 1\u00a0&#8211; Origen &#8211; Zaragoza Salida desde la terminal con destino a Zaragoza. Breves paradas en ruta, una de ellas para realizar el almuerzo no incluido. Continuaci\u00f3n del viaje v\u00eda Madrid. Llegada, acomodaci\u00f3n y cena con bebidas incluidas en el hotel. Tiempo libre&hellip; <br \/> <a class=\"read-more\" href=\"https:\/\/granadaopen.es\/?p=783\">Leer m\u00e1s<\/a><\/p>\n","protected":false},"author":2,"featured_media":0,"comment_status":"open","ping_status":"open","sticky":false,"template":"","format":"standard","meta":{"footnotes":""},"categories":[1],"tags":[],"class_list":["post-783","post","type-post","status-publish","format-standard","hentry","category-uncategorized"],"_links":{"self":[{"href":"https:\/\/granadaopen.es\/index.php?rest_route=\/wp\/v2\/posts\/783","targetHints":{"allow":["GET"]}}],"collection":[{"href":"https:\/\/granadaopen.es\/index.php?rest_route=\/wp\/v2\/posts"}],"about":[{"href":"https:\/\/granadaopen.es\/index.php?rest_route=\/wp\/v2\/types\/post"}],"author":[{"embeddable":true,"href":"https:\/\/granadaopen.es\/index.php?rest_route=\/wp\/v2\/users\/2"}],"replies":[{"embeddable":true,"href":"https:\/\/granadaopen.es\/index.php?rest_route=%2Fwp%2Fv2%2Fcomments&post=783"}],"version-history":[{"count":1,"href":"https:\/\/granadaopen.es\/index.php?rest_route=\/wp\/v2\/posts\/783\/revisions"}],"predecessor-version":[{"id":790,"href":"https:\/\/granadaopen.es\/index.php?rest_route=\/wp\/v2\/posts\/783\/revisions\/790"}],"wp:attachment":[{"href":"https:\/\/granadaopen.es\/index.php?rest_route=%2Fwp%2Fv2%2Fmedia&parent=783"}],"wp:term":[{"taxonomy":"category","embeddable":true,"href":"https:\/\/granadaopen.es\/index.php?rest_route=%2Fwp%2Fv2%2Fcategories&post=783"},{"taxonomy":"post_tag","embeddable":true,"href":"https:\/\/granadaopen.es\/index.php?rest_route=%2Fwp%2Fv2%2Ftags&post=783"}],"curies":[{"name":"wp","href":"https:\/\/api.w.org\/{rel}","templated":true}]}}