{"id":529,"date":"2019-10-17T18:40:49","date_gmt":"2019-10-17T18:40:49","guid":{"rendered":"https:\/\/granadaopen.es\/?p=529"},"modified":"2019-10-17T18:40:49","modified_gmt":"2019-10-17T18:40:49","slug":"excursion-a-rute-7-de-diciembre","status":"publish","type":"post","link":"https:\/\/granadaopen.es\/?p=529","title":{"rendered":"EXCURSI\u00d3N A RUTE 7 DE DICIEMBRE"},"content":{"rendered":"\n<figure class=\"wp-block-image\"><img fetchpriority=\"high\" decoding=\"async\" width=\"619\" height=\"349\" src=\"https:\/\/granadaopen.es\/wp-content\/uploads\/2019\/10\/belen-italia-ruet-kytE-620x349@abc-1.jpg\" alt=\"\" class=\"wp-image-531\" srcset=\"https:\/\/granadaopen.es\/wp-content\/uploads\/2019\/10\/belen-italia-ruet-kytE-620x349@abc-1.jpg 619w, https:\/\/granadaopen.es\/wp-content\/uploads\/2019\/10\/belen-italia-ruet-kytE-620x349@abc-1-300x169.jpg 300w, https:\/\/granadaopen.es\/wp-content\/uploads\/2019\/10\/belen-italia-ruet-kytE-620x349@abc-1-600x338.jpg 600w\" sizes=\"(max-width: 619px) 100vw, 619px\" \/><\/figure>\n\n\n\n<p style=\"text-align:center\">En cualquier \u00e9poca del a\u00f1o,\u00a0Rute\u00a0es un destino fant\u00e1stico para los amantes de la\u00a0gastronom\u00eda, la\u00a0cultura, la\u00a0naturaleza\u00a0y el\u00a0deporte. Pero cuando es\u00a0Navidad en Rute, donde nace la Navidad, esta localidad se convierte en una\u00a0visita obligada\u00a0para el disfrute de grandes y peque\u00f1os.<\/p>\n\n\n\n<figure class=\"wp-block-image\"><img decoding=\"async\" width=\"644\" height=\"362\" src=\"https:\/\/granadaopen.es\/wp-content\/uploads\/2019\/10\/rute-navidad-anis-644x362-1.jpg\" alt=\"\" class=\"wp-image-532\" srcset=\"https:\/\/granadaopen.es\/wp-content\/uploads\/2019\/10\/rute-navidad-anis-644x362-1.jpg 644w, https:\/\/granadaopen.es\/wp-content\/uploads\/2019\/10\/rute-navidad-anis-644x362-1-300x169.jpg 300w, https:\/\/granadaopen.es\/wp-content\/uploads\/2019\/10\/rute-navidad-anis-644x362-1-600x337.jpg 600w\" sizes=\"(max-width: 644px) 100vw, 644px\" \/><\/figure>\n\n\n\n<p style=\"text-align:center\">Salida s\u00e1bado 7 de diciembre ala 7:45h desde el punto de origen destino Rute. Breve parada en camino para desayunar y continuaci\u00f3n a nuestro destino.<\/p>\n\n\n\n<p style=\"text-align:center\">Por la ma\u00f1ana visitaremos con nuestra gu\u00eda acompa\u00f1ante los museos del an\u00eds con visita guiada y degustaci\u00f3n , museo del Turr\u00f3n con visita guiada y degustaci\u00f3n;\u00a0 y opcionalmente se ofrecer\u00e1 la visita del museo del az\u00facar. A continuaci\u00f3n, realizaremos una visita panor\u00e1mica por el centro de Rute y nos dirigiremos a nuestro restaurante \u00abEl Mirador de Rute\u00bb para almorzar sobre las 14:30h.<\/p>\n\n\n\n<figure class=\"wp-block-image is-resized\"><img decoding=\"async\" src=\"https:\/\/granadaopen.es\/wp-content\/uploads\/2019\/10\/museo-jamon-1.jpg\" alt=\"\" class=\"wp-image-533\" width=\"581\" height=\"388\" srcset=\"https:\/\/granadaopen.es\/wp-content\/uploads\/2019\/10\/museo-jamon-1.jpg 800w, https:\/\/granadaopen.es\/wp-content\/uploads\/2019\/10\/museo-jamon-1-300x200.jpg 300w, https:\/\/granadaopen.es\/wp-content\/uploads\/2019\/10\/museo-jamon-1-768x513.jpg 768w, https:\/\/granadaopen.es\/wp-content\/uploads\/2019\/10\/museo-jamon-1-600x401.jpg 600w\" sizes=\"(max-width: 581px) 100vw, 581px\" \/><\/figure>\n\n\n\n<p style=\"text-align:center\">Tras el almuerzo visitaremos uno de los museos m\u00e1s visitados de Rute, el Bel\u00e9n de Chocolate, en el cual tendremos visita guiada y degustaci\u00f3n de dulces t\u00edpicos de navidad. Una vez finalizada la visita tiempo libre para hacer algunas compras y regreso para nuestros destinos.<\/p>\n\n\n\n<p style=\"text-align:center\"><strong>En el precio se incluye:<\/strong><\/p>\n\n\n\n<p style=\"text-align:center\">Entrada museo del An\u00eds<\/p>\n\n\n\n<p style=\"text-align:center\">Entrada Bel\u00e9n de Chocolate<\/p>\n\n\n\n<p style=\"text-align:center\">Entrada museo del Turr\u00f3n<\/p>\n\n\n\n<p style=\"text-align:center\">Almuerzo en restaurante<\/p>\n\n\n\n<p style=\"text-align:center\">Gu\u00eda acompa\u00f1ante<\/p>\n\n\n\n<p style=\"text-align:center\">Autob\u00fas todo el recorrido<\/p>\n\n\n\n<p style=\"text-align:center\">Seguro del viaje<\/p>\n\n\n\n<p style=\"text-align:center\">35\u20ac<\/p>\n\n\n\n<p><\/p>\n\n\n\n<p style=\"text-align:center\"><strong>PUNTOS DE SALIDAS:<\/strong><\/p>\n\n\n\n<p style=\"text-align:center\">Jayena, parada frente al cuartel 07:45h<\/p>\n\n\n\n<p style=\"text-align:center\">Fornes, parada de la piscina 07:50h<\/p>\n\n\n\n<p style=\"text-align:center\">Granada, parada Fosterhollywood 08:30h<\/p>\n\n\n\n<p><\/p>\n\n\n\n<p style=\"text-align:center\"> *VIAJE EN FORMACI\u00d3N, M\u00cdNIMO 30 PERSONAS PARA GARANTIZAR LA SALIDA<\/p>\n\n\n\n<p style=\"text-align:center\"><strong> INFORMACI\u00d3N Y RESERVAS CONTACTA EN EL 617696362 <\/strong><\/p>\n","protected":false},"excerpt":{"rendered":"<p>En cualquier \u00e9poca del a\u00f1o,\u00a0Rute\u00a0es un destino fant\u00e1stico para los amantes de la\u00a0gastronom\u00eda, la\u00a0cultura, la\u00a0naturaleza\u00a0y el\u00a0deporte. Pero cuando es\u00a0Navidad en Rute, donde nace la Navidad, esta localidad se convierte en una\u00a0visita obligada\u00a0para el disfrute de grandes y peque\u00f1os. Salida s\u00e1bado 7 de diciembre ala 7:45h desde el punto de origen destino Rute. Breve parada en&hellip; <br \/> <a class=\"read-more\" href=\"https:\/\/granadaopen.es\/?p=529\">Leer m\u00e1s<\/a><\/p>\n","protected":false},"author":2,"featured_media":0,"comment_status":"open","ping_status":"open","sticky":false,"template":"","format":"standard","meta":{"footnotes":""},"categories":[1],"tags":[],"class_list":["post-529","post","type-post","status-publish","format-standard","hentry","category-uncategorized"],"_links":{"self":[{"href":"https:\/\/granadaopen.es\/index.php?rest_route=\/wp\/v2\/posts\/529","targetHints":{"allow":["GET"]}}],"collection":[{"href":"https:\/\/granadaopen.es\/index.php?rest_route=\/wp\/v2\/posts"}],"about":[{"href":"https:\/\/granadaopen.es\/index.php?rest_route=\/wp\/v2\/types\/post"}],"author":[{"embeddable":true,"href":"https:\/\/granadaopen.es\/index.php?rest_route=\/wp\/v2\/users\/2"}],"replies":[{"embeddable":true,"href":"https:\/\/granadaopen.es\/index.php?rest_route=%2Fwp%2Fv2%2Fcomments&post=529"}],"version-history":[{"count":1,"href":"https:\/\/granadaopen.es\/index.php?rest_route=\/wp\/v2\/posts\/529\/revisions"}],"predecessor-version":[{"id":534,"href":"https:\/\/granadaopen.es\/index.php?rest_route=\/wp\/v2\/posts\/529\/revisions\/534"}],"wp:attachment":[{"href":"https:\/\/granadaopen.es\/index.php?rest_route=%2Fwp%2Fv2%2Fmedia&parent=529"}],"wp:term":[{"taxonomy":"category","embeddable":true,"href":"https:\/\/granadaopen.es\/index.php?rest_route=%2Fwp%2Fv2%2Fcategories&post=529"},{"taxonomy":"post_tag","embeddable":true,"href":"https:\/\/granadaopen.es\/index.php?rest_route=%2Fwp%2Fv2%2Ftags&post=529"}],"curies":[{"name":"wp","href":"https:\/\/api.w.org\/{rel}","templated":true}]}}